{"id":3576,"date":"2023-11-21T07:48:11","date_gmt":"2023-11-21T06:48:11","guid":{"rendered":"https:\/\/cyclebee.app\/cycle-bee-im-grazer-copy\/"},"modified":"2023-11-21T09:11:48","modified_gmt":"2023-11-21T08:11:48","slug":"verbindung-bahn-rad","status":"publish","type":"post","link":"https:\/\/cyclebee.app\/en\/news\/verbindung-bahn-rad\/","title":{"rendered":"Die einfache Verbindung von Bahn und Rad: cyclebeeOnRails"},"content":{"rendered":"<h1 class=\"wp-block-heading\">Die einfache Verbindung von Bahn und Rad: cyclebeeOnRails<\/h1>\n\n\n\n<h2 class=\"wp-block-heading\">Neue Wissensplattform vereinfacht die Kombination von Fahrrad und Zug<\/h2>\n\n\n\n<p>Mit \u201ecyclebeeOnRails\u201c m\u00f6chten wir m\u00f6glichst vielen Menschen die Kombination aus Fahrrad und \u00f6ffentlichen Verkehrsmitteln vereinfachen und sie f\u00fcr nachhaltiges Reisen motivieren. Unsere Plattform verbindet offizielle Informationen zu Bahnh\u00f6fen, Verbindungen, Tarifen etc. mit Einsch\u00e4tzungen und Bewertungen der Community. Sie richtet sich an alle an, die gerne mit dem Fahrrad unterwegs sind, ob Pendler oder Gelegenheitsnutzer:in.<\/p>\n\n\n\n<figure class=\"wp-block-gallery has-nested-images columns-default is-cropped wp-block-gallery-1 is-layout-flex wp-block-gallery-is-layout-flex\">\n<figure class=\"wp-block-image size-large\"><a href=\"https:\/\/cyclebee.app\/en\/rails\/\"><img fetchpriority=\"high\" decoding=\"async\" width=\"1024\" height=\"1024\" data-id=\"3585\" src=\"https:\/\/cyclebee.app\/wp-content\/uploads\/2023\/11\/3-1024x1024.png\" alt=\"\" class=\"wp-image-3585\" srcset=\"https:\/\/cyclebee.app\/wp-content\/uploads\/2023\/11\/3-1024x1024.png 1024w, https:\/\/cyclebee.app\/wp-content\/uploads\/2023\/11\/3-300x300.png 300w, https:\/\/cyclebee.app\/wp-content\/uploads\/2023\/11\/3-150x150.png 150w, https:\/\/cyclebee.app\/wp-content\/uploads\/2023\/11\/3-768x768.png 768w, https:\/\/cyclebee.app\/wp-content\/uploads\/2023\/11\/3.png 1080w\" sizes=\"(max-width: 1024px) 100vw, 1024px\" \/><\/a><\/figure>\n\n\n\n<figure class=\"wp-block-image size-large\"><a href=\"https:\/\/www.startnext.com\/cyclebeeonrails\"><img decoding=\"async\" width=\"1024\" height=\"1024\" data-id=\"3588\" src=\"https:\/\/cyclebee.app\/wp-content\/uploads\/2023\/11\/1-1-1024x1024.png\" alt=\"\" class=\"wp-image-3588\" srcset=\"https:\/\/cyclebee.app\/wp-content\/uploads\/2023\/11\/1-1-1024x1024.png 1024w, https:\/\/cyclebee.app\/wp-content\/uploads\/2023\/11\/1-1-300x300.png 300w, https:\/\/cyclebee.app\/wp-content\/uploads\/2023\/11\/1-1-150x150.png 150w, https:\/\/cyclebee.app\/wp-content\/uploads\/2023\/11\/1-1-768x768.png 768w, https:\/\/cyclebee.app\/wp-content\/uploads\/2023\/11\/1-1.png 1080w\" sizes=\"(max-width: 1024px) 100vw, 1024px\" \/><\/a><\/figure>\n<\/figure>\n\n\n\n<p>Mit cyclebeeOnRails bieten wir L\u00f6sungen und guten Beispielen eine B\u00fchne. Wir zeigen wie und wo die Verbindung aus Fahrrad und Bahn gut funktioniert und regen hoffentlich zur Nachahmung und Umsetzung an. So erleichtert cyclebeeOnRails dir und uns allen das Leben als Fahrradfahrende:r im \u00f6ffentlichen Verkehr. Kostenlos und nachhaltig! <\/p>\n\n\n\n<p><a href=\"https:\/\/cyclebee.app\/en\/rails\/\">Alle Informationen zu cyclebeeOnRails<\/a><\/p>\n\n\n\n<p>Beim Start der Plattform am 22. November geht cyclebeeOnRails in einer ersten Basisversion online. Dort findest du bereits Informationen zu Bahnh\u00f6fen \u00d6sterreich, Verbindungen der \u00d6BB und erster Regionalbahnen. Weitere Ausbaustufen sind bereits geplant. F\u00fcr die Finanzierung startet parallel am Abend des 22. November eine Crowdfunding Kampagne auf <a href=\"https:\/\/www.startnext.com\/cyclebeeonrails\" target=\"_blank\" rel=\"noreferrer noopener\">StartNext.<\/a><\/p>\n\n\n\n<div style=\"height:60px\" aria-hidden=\"true\" class=\"wp-block-spacer\"><\/div>\n\n\n\n<div class=\"wp-block-media-text is-stacked-on-mobile\"><figure class=\"wp-block-media-text__media\"><img decoding=\"async\" width=\"1024\" height=\"1024\" src=\"https:\/\/cyclebee.app\/wp-content\/uploads\/2023\/11\/cyclebeeonrails1-1024x1024.png\" alt=\"Datum: 22. NovemberUhrzeit: Beginn 18:30 UhrVor Ort: Fh Joanneum Atelier, 3. Stock Alte Postrasse 152, 8020 GrazOnline: Den Link senden wir dir per Email.\" class=\"wp-image-3580 size-full\" srcset=\"https:\/\/cyclebee.app\/wp-content\/uploads\/2023\/11\/cyclebeeonrails1-1024x1024.png 1024w, https:\/\/cyclebee.app\/wp-content\/uploads\/2023\/11\/cyclebeeonrails1-300x300.png 300w, https:\/\/cyclebee.app\/wp-content\/uploads\/2023\/11\/cyclebeeonrails1-150x150.png 150w, https:\/\/cyclebee.app\/wp-content\/uploads\/2023\/11\/cyclebeeonrails1-768x768.png 768w, https:\/\/cyclebee.app\/wp-content\/uploads\/2023\/11\/cyclebeeonrails1.png 1080w\" sizes=\"(max-width: 1024px) 100vw, 1024px\" \/><\/figure><div class=\"wp-block-media-text__content\">\n<p>Die Wissensplattform geht am Mittwoch, den 22. November ab 18:30 Uhr online. Du kannst den Start beim offiziellen Launch Event direkt online mitverfolgen. Sei dabei! <a href=\"https:\/\/cyclebee.app\/en\/crowd\/\">Anmeldung zum Launch Event <\/a><\/p>\n<\/div><\/div>","protected":false},"excerpt":{"rendered":"<p>Neue, kostenfreie Wissensplattform motiviert zu nachhaltigem Reisen mit Fahrrad und Bahn. <\/p>","protected":false},"author":5,"featured_media":3599,"comment_status":"open","ping_status":"open","sticky":true,"template":"","format":"standard","meta":{"footnotes":""},"categories":[12],"tags":[],"class_list":["post-3576","post","type-post","status-publish","format-standard","has-post-thumbnail","hentry","category-news"],"yoast_head":"<!-- This site is optimized with the Yoast SEO plugin v26.8 - https:\/\/yoast.com\/product\/yoast-seo-wordpress\/ -->\n<title>Die einfache Verbindung von Bahn und Rad: cyclebeeOnRails - cyclebee<\/title>\n<meta name=\"description\" content=\"Die Verbindung von Bahn und Rad wird dank cyclebeeOnRails ab 22. November vereinfacht. Die Plattform ist kostenlos.\" \/>\n<meta name=\"robots\" content=\"index, follow, max-snippet:-1, max-image-preview:large, max-video-preview:-1\" \/>\n<link rel=\"canonical\" href=\"https:\/\/cyclebee.app\/en\/news\/verbindung-bahn-rad\/\" \/>\n<meta property=\"og:locale\" content=\"en_GB\" \/>\n<meta property=\"og:type\" content=\"article\" \/>\n<meta property=\"og:title\" content=\"Die einfache Verbindung von Bahn und Rad: cyclebeeOnRails - cyclebee\" \/>\n<meta property=\"og:description\" content=\"Die Verbindung von Bahn und Rad wird dank cyclebeeOnRails ab 22. November vereinfacht. Die Plattform ist kostenlos.\" \/>\n<meta property=\"og:url\" content=\"https:\/\/cyclebee.app\/en\/news\/verbindung-bahn-rad\/\" \/>\n<meta property=\"og:site_name\" content=\"cyclebee\" \/>\n<meta property=\"article:published_time\" content=\"2023-11-21T06:48:11+00:00\" \/>\n<meta property=\"article:modified_time\" content=\"2023-11-21T08:11:48+00:00\" \/>\n<meta property=\"og:image\" content=\"https:\/\/cyclebee.app\/wp-content\/uploads\/2023\/11\/cyclebeeonrailsnews-1.jpg\" \/>\n\t<meta property=\"og:image:width\" content=\"1200\" \/>\n\t<meta property=\"og:image:height\" content=\"800\" \/>\n\t<meta property=\"og:image:type\" content=\"image\/jpeg\" \/>\n<meta name=\"author\" content=\"Katrin Lemke\" \/>\n<meta name=\"twitter:card\" content=\"summary_large_image\" \/>\n<meta name=\"twitter:label1\" content=\"Written by\" \/>\n\t<meta name=\"twitter:data1\" content=\"Katrin Lemke\" \/>\n\t<meta name=\"twitter:label2\" content=\"Estimated reading time\" \/>\n\t<meta name=\"twitter:data2\" content=\"2 minutes\" \/>\n<script type=\"application\/ld+json\" class=\"yoast-schema-graph\">{\"@context\":\"https:\/\/schema.org\",\"@graph\":[{\"@type\":\"Article\",\"@id\":\"https:\/\/cyclebee.app\/news\/verbindung-bahn-rad\/#article\",\"isPartOf\":{\"@id\":\"https:\/\/cyclebee.app\/news\/verbindung-bahn-rad\/\"},\"author\":{\"name\":\"Katrin Lemke\",\"@id\":\"https:\/\/cyclebee.app\/#\/schema\/person\/abb256c6cb366df498e59231c1bb67f2\"},\"headline\":\"Die einfache Verbindung von Bahn und Rad: cyclebeeOnRails\",\"datePublished\":\"2023-11-21T06:48:11+00:00\",\"dateModified\":\"2023-11-21T08:11:48+00:00\",\"mainEntityOfPage\":{\"@id\":\"https:\/\/cyclebee.app\/news\/verbindung-bahn-rad\/\"},\"wordCount\":215,\"commentCount\":0,\"publisher\":{\"@id\":\"https:\/\/cyclebee.app\/#organization\"},\"image\":{\"@id\":\"https:\/\/cyclebee.app\/news\/verbindung-bahn-rad\/#primaryimage\"},\"thumbnailUrl\":\"https:\/\/cyclebee.app\/wp-content\/uploads\/2023\/11\/cyclebeeonrailsnews-1.jpg\",\"articleSection\":[\"News\"],\"inLanguage\":\"en-GB\",\"potentialAction\":[{\"@type\":\"CommentAction\",\"name\":\"Comment\",\"target\":[\"https:\/\/cyclebee.app\/news\/verbindung-bahn-rad\/#respond\"]}]},{\"@type\":\"WebPage\",\"@id\":\"https:\/\/cyclebee.app\/news\/verbindung-bahn-rad\/\",\"url\":\"https:\/\/cyclebee.app\/news\/verbindung-bahn-rad\/\",\"name\":\"Die einfache Verbindung von Bahn und Rad: cyclebeeOnRails - cyclebee\",\"isPartOf\":{\"@id\":\"https:\/\/cyclebee.app\/#website\"},\"primaryImageOfPage\":{\"@id\":\"https:\/\/cyclebee.app\/news\/verbindung-bahn-rad\/#primaryimage\"},\"image\":{\"@id\":\"https:\/\/cyclebee.app\/news\/verbindung-bahn-rad\/#primaryimage\"},\"thumbnailUrl\":\"https:\/\/cyclebee.app\/wp-content\/uploads\/2023\/11\/cyclebeeonrailsnews-1.jpg\",\"datePublished\":\"2023-11-21T06:48:11+00:00\",\"dateModified\":\"2023-11-21T08:11:48+00:00\",\"description\":\"Die Verbindung von Bahn und Rad wird dank cyclebeeOnRails ab 22. November vereinfacht. Die Plattform ist kostenlos.\",\"breadcrumb\":{\"@id\":\"https:\/\/cyclebee.app\/news\/verbindung-bahn-rad\/#breadcrumb\"},\"inLanguage\":\"en-GB\",\"potentialAction\":[{\"@type\":\"ReadAction\",\"target\":[\"https:\/\/cyclebee.app\/news\/verbindung-bahn-rad\/\"]}]},{\"@type\":\"ImageObject\",\"inLanguage\":\"en-GB\",\"@id\":\"https:\/\/cyclebee.app\/news\/verbindung-bahn-rad\/#primaryimage\",\"url\":\"https:\/\/cyclebee.app\/wp-content\/uploads\/2023\/11\/cyclebeeonrailsnews-1.jpg\",\"contentUrl\":\"https:\/\/cyclebee.app\/wp-content\/uploads\/2023\/11\/cyclebeeonrailsnews-1.jpg\",\"width\":1200,\"height\":800,\"caption\":\"Zwei Personen, ein Mann und eine Frau, jeweils mit Fahrr\u00e4dern. Im Hintergrund ein Zug.\"},{\"@type\":\"BreadcrumbList\",\"@id\":\"https:\/\/cyclebee.app\/news\/verbindung-bahn-rad\/#breadcrumb\",\"itemListElement\":[{\"@type\":\"ListItem\",\"position\":1,\"name\":\"Home\",\"item\":\"https:\/\/cyclebee.app\/\"},{\"@type\":\"ListItem\",\"position\":2,\"name\":\"Die einfache Verbindung von Bahn und Rad: cyclebeeOnRails\"}]},{\"@type\":\"WebSite\",\"@id\":\"https:\/\/cyclebee.app\/#website\",\"url\":\"https:\/\/cyclebee.app\/\",\"name\":\"cyclebee - Radreise-App\",\"description\":\"gemeinsam einfach radreisen\",\"publisher\":{\"@id\":\"https:\/\/cyclebee.app\/#organization\"},\"potentialAction\":[{\"@type\":\"SearchAction\",\"target\":{\"@type\":\"EntryPoint\",\"urlTemplate\":\"https:\/\/cyclebee.app\/?s={search_term_string}\"},\"query-input\":{\"@type\":\"PropertyValueSpecification\",\"valueRequired\":true,\"valueName\":\"search_term_string\"}}],\"inLanguage\":\"en-GB\"},{\"@type\":\"Organization\",\"@id\":\"https:\/\/cyclebee.app\/#organization\",\"name\":\"cyclebee\",\"url\":\"https:\/\/cyclebee.app\/\",\"logo\":{\"@type\":\"ImageObject\",\"inLanguage\":\"en-GB\",\"@id\":\"https:\/\/cyclebee.app\/#\/schema\/logo\/image\/\",\"url\":\"https:\/\/cyclebee.app\/wp-content\/uploads\/2021\/04\/logoblack.png\",\"contentUrl\":\"https:\/\/cyclebee.app\/wp-content\/uploads\/2021\/04\/logoblack.png\",\"width\":505,\"height\":128,\"caption\":\"cyclebee\"},\"image\":{\"@id\":\"https:\/\/cyclebee.app\/#\/schema\/logo\/image\/\"}},{\"@type\":\"Person\",\"@id\":\"https:\/\/cyclebee.app\/#\/schema\/person\/abb256c6cb366df498e59231c1bb67f2\",\"name\":\"Katrin Lemke\",\"image\":{\"@type\":\"ImageObject\",\"inLanguage\":\"en-GB\",\"@id\":\"https:\/\/cyclebee.app\/#\/schema\/person\/image\/\",\"url\":\"https:\/\/secure.gravatar.com\/avatar\/7d3ccc1e12a8f0382e96fee2764fee814638c7ed15490fb952d366612f45f3c1?s=96&d=mm&r=g\",\"contentUrl\":\"https:\/\/secure.gravatar.com\/avatar\/7d3ccc1e12a8f0382e96fee2764fee814638c7ed15490fb952d366612f45f3c1?s=96&d=mm&r=g\",\"caption\":\"Katrin Lemke\"}}]}<\/script>\n<!-- \/ Yoast SEO plugin. -->","yoast_head_json":{"title":"Die einfache Verbindung von Bahn und Rad: cyclebeeOnRails - cyclebee","description":"Die Verbindung von Bahn und Rad wird dank cyclebeeOnRails ab 22. November vereinfacht. Die Plattform ist kostenlos.","robots":{"index":"index","follow":"follow","max-snippet":"max-snippet:-1","max-image-preview":"max-image-preview:large","max-video-preview":"max-video-preview:-1"},"canonical":"https:\/\/cyclebee.app\/en\/news\/verbindung-bahn-rad\/","og_locale":"en_GB","og_type":"article","og_title":"Die einfache Verbindung von Bahn und Rad: cyclebeeOnRails - cyclebee","og_description":"Die Verbindung von Bahn und Rad wird dank cyclebeeOnRails ab 22. November vereinfacht. Die Plattform ist kostenlos.","og_url":"https:\/\/cyclebee.app\/en\/news\/verbindung-bahn-rad\/","og_site_name":"cyclebee","article_published_time":"2023-11-21T06:48:11+00:00","article_modified_time":"2023-11-21T08:11:48+00:00","og_image":[{"width":1200,"height":800,"url":"https:\/\/cyclebee.app\/wp-content\/uploads\/2023\/11\/cyclebeeonrailsnews-1.jpg","type":"image\/jpeg"}],"author":"Katrin Lemke","twitter_card":"summary_large_image","twitter_misc":{"Written by":"Katrin Lemke","Estimated reading time":"2 minutes"},"schema":{"@context":"https:\/\/schema.org","@graph":[{"@type":"Article","@id":"https:\/\/cyclebee.app\/news\/verbindung-bahn-rad\/#article","isPartOf":{"@id":"https:\/\/cyclebee.app\/news\/verbindung-bahn-rad\/"},"author":{"name":"Katrin Lemke","@id":"https:\/\/cyclebee.app\/#\/schema\/person\/abb256c6cb366df498e59231c1bb67f2"},"headline":"Die einfache Verbindung von Bahn und Rad: cyclebeeOnRails","datePublished":"2023-11-21T06:48:11+00:00","dateModified":"2023-11-21T08:11:48+00:00","mainEntityOfPage":{"@id":"https:\/\/cyclebee.app\/news\/verbindung-bahn-rad\/"},"wordCount":215,"commentCount":0,"publisher":{"@id":"https:\/\/cyclebee.app\/#organization"},"image":{"@id":"https:\/\/cyclebee.app\/news\/verbindung-bahn-rad\/#primaryimage"},"thumbnailUrl":"https:\/\/cyclebee.app\/wp-content\/uploads\/2023\/11\/cyclebeeonrailsnews-1.jpg","articleSection":["News"],"inLanguage":"en-GB","potentialAction":[{"@type":"CommentAction","name":"Comment","target":["https:\/\/cyclebee.app\/news\/verbindung-bahn-rad\/#respond"]}]},{"@type":"WebPage","@id":"https:\/\/cyclebee.app\/news\/verbindung-bahn-rad\/","url":"https:\/\/cyclebee.app\/news\/verbindung-bahn-rad\/","name":"Die einfache Verbindung von Bahn und Rad: cyclebeeOnRails - cyclebee","isPartOf":{"@id":"https:\/\/cyclebee.app\/#website"},"primaryImageOfPage":{"@id":"https:\/\/cyclebee.app\/news\/verbindung-bahn-rad\/#primaryimage"},"image":{"@id":"https:\/\/cyclebee.app\/news\/verbindung-bahn-rad\/#primaryimage"},"thumbnailUrl":"https:\/\/cyclebee.app\/wp-content\/uploads\/2023\/11\/cyclebeeonrailsnews-1.jpg","datePublished":"2023-11-21T06:48:11+00:00","dateModified":"2023-11-21T08:11:48+00:00","description":"Die Verbindung von Bahn und Rad wird dank cyclebeeOnRails ab 22. November vereinfacht. Die Plattform ist kostenlos.","breadcrumb":{"@id":"https:\/\/cyclebee.app\/news\/verbindung-bahn-rad\/#breadcrumb"},"inLanguage":"en-GB","potentialAction":[{"@type":"ReadAction","target":["https:\/\/cyclebee.app\/news\/verbindung-bahn-rad\/"]}]},{"@type":"ImageObject","inLanguage":"en-GB","@id":"https:\/\/cyclebee.app\/news\/verbindung-bahn-rad\/#primaryimage","url":"https:\/\/cyclebee.app\/wp-content\/uploads\/2023\/11\/cyclebeeonrailsnews-1.jpg","contentUrl":"https:\/\/cyclebee.app\/wp-content\/uploads\/2023\/11\/cyclebeeonrailsnews-1.jpg","width":1200,"height":800,"caption":"Zwei Personen, ein Mann und eine Frau, jeweils mit Fahrr\u00e4dern. Im Hintergrund ein Zug."},{"@type":"BreadcrumbList","@id":"https:\/\/cyclebee.app\/news\/verbindung-bahn-rad\/#breadcrumb","itemListElement":[{"@type":"ListItem","position":1,"name":"Home","item":"https:\/\/cyclebee.app\/"},{"@type":"ListItem","position":2,"name":"Die einfache Verbindung von Bahn und Rad: cyclebeeOnRails"}]},{"@type":"WebSite","@id":"https:\/\/cyclebee.app\/#website","url":"https:\/\/cyclebee.app\/","name":"cyclebee - Radreise-App","description":"gemeinsam einfach radreisen","publisher":{"@id":"https:\/\/cyclebee.app\/#organization"},"potentialAction":[{"@type":"SearchAction","target":{"@type":"EntryPoint","urlTemplate":"https:\/\/cyclebee.app\/?s={search_term_string}"},"query-input":{"@type":"PropertyValueSpecification","valueRequired":true,"valueName":"search_term_string"}}],"inLanguage":"en-GB"},{"@type":"Organization","@id":"https:\/\/cyclebee.app\/#organization","name":"cyclebee","url":"https:\/\/cyclebee.app\/","logo":{"@type":"ImageObject","inLanguage":"en-GB","@id":"https:\/\/cyclebee.app\/#\/schema\/logo\/image\/","url":"https:\/\/cyclebee.app\/wp-content\/uploads\/2021\/04\/logoblack.png","contentUrl":"https:\/\/cyclebee.app\/wp-content\/uploads\/2021\/04\/logoblack.png","width":505,"height":128,"caption":"cyclebee"},"image":{"@id":"https:\/\/cyclebee.app\/#\/schema\/logo\/image\/"}},{"@type":"Person","@id":"https:\/\/cyclebee.app\/#\/schema\/person\/abb256c6cb366df498e59231c1bb67f2","name":"Katrin Lemke","image":{"@type":"ImageObject","inLanguage":"en-GB","@id":"https:\/\/cyclebee.app\/#\/schema\/person\/image\/","url":"https:\/\/secure.gravatar.com\/avatar\/7d3ccc1e12a8f0382e96fee2764fee814638c7ed15490fb952d366612f45f3c1?s=96&d=mm&r=g","contentUrl":"https:\/\/secure.gravatar.com\/avatar\/7d3ccc1e12a8f0382e96fee2764fee814638c7ed15490fb952d366612f45f3c1?s=96&d=mm&r=g","caption":"Katrin Lemke"}}]}},"_links":{"self":[{"href":"https:\/\/cyclebee.app\/en\/wp-json\/wp\/v2\/posts\/3576","targetHints":{"allow":["GET"]}}],"collection":[{"href":"https:\/\/cyclebee.app\/en\/wp-json\/wp\/v2\/posts"}],"about":[{"href":"https:\/\/cyclebee.app\/en\/wp-json\/wp\/v2\/types\/post"}],"author":[{"embeddable":true,"href":"https:\/\/cyclebee.app\/en\/wp-json\/wp\/v2\/users\/5"}],"replies":[{"embeddable":true,"href":"https:\/\/cyclebee.app\/en\/wp-json\/wp\/v2\/comments?post=3576"}],"version-history":[{"count":10,"href":"https:\/\/cyclebee.app\/en\/wp-json\/wp\/v2\/posts\/3576\/revisions"}],"predecessor-version":[{"id":3602,"href":"https:\/\/cyclebee.app\/en\/wp-json\/wp\/v2\/posts\/3576\/revisions\/3602"}],"wp:featuredmedia":[{"embeddable":true,"href":"https:\/\/cyclebee.app\/en\/wp-json\/wp\/v2\/media\/3599"}],"wp:attachment":[{"href":"https:\/\/cyclebee.app\/en\/wp-json\/wp\/v2\/media?parent=3576"}],"wp:term":[{"taxonomy":"category","embeddable":true,"href":"https:\/\/cyclebee.app\/en\/wp-json\/wp\/v2\/categories?post=3576"},{"taxonomy":"post_tag","embeddable":true,"href":"https:\/\/cyclebee.app\/en\/wp-json\/wp\/v2\/tags?post=3576"}],"curies":[{"name":"wp","href":"https:\/\/api.w.org\/{rel}","templated":true}]}}