{"id":2164,"date":"2023-03-20T10:52:28","date_gmt":"2023-03-20T09:52:28","guid":{"rendered":"https:\/\/cyclebee.app\/teilnahme-am-startup-spritzer-graz-copy\/"},"modified":"2023-03-20T11:21:39","modified_gmt":"2023-03-20T10:21:39","slug":"gruendermesse-graz","status":"publish","type":"post","link":"https:\/\/cyclebee.app\/en\/news\/gruendermesse-graz\/","title":{"rendered":"cyclebee auf der Gr\u00fcndermesse Graz"},"content":{"rendered":"<h1 class=\"wp-block-heading\">Lerne uns pers\u00f6nlich kennen auf der Gr\u00fcndermesse Graz am 25.M\u00e4rz<\/h1>\n\n\n\n<h2 class=\"wp-block-heading\">Einzigartige Gelegenheit zum Austausch f\u00fcr Gr\u00fcnder:innen und Startups<\/h2>\n\n\n\n<figure class=\"wp-block-image alignleft size-medium is-resized\"><img fetchpriority=\"high\" decoding=\"async\" src=\"https:\/\/cyclebee.app\/wp-content\/uploads\/2023\/03\/gruendermessegraz-300x300.png\" alt=\"\" class=\"wp-image-2167\" width=\"388\" height=\"388\" srcset=\"https:\/\/cyclebee.app\/wp-content\/uploads\/2023\/03\/gruendermessegraz-300x300.png 300w, https:\/\/cyclebee.app\/wp-content\/uploads\/2023\/03\/gruendermessegraz-1024x1024.png 1024w, https:\/\/cyclebee.app\/wp-content\/uploads\/2023\/03\/gruendermessegraz-150x150.png 150w, https:\/\/cyclebee.app\/wp-content\/uploads\/2023\/03\/gruendermessegraz-768x768.png 768w, https:\/\/cyclebee.app\/wp-content\/uploads\/2023\/03\/gruendermessegraz.png 1080w\" sizes=\"(max-width: 388px) 100vw, 388px\" \/><figcaption class=\"wp-element-caption\">Von 09:00 bis 17:00 Uhr findest du uns an unserem ersten Messestand im Messecongress Graz<\/figcaption><\/figure>\n\n\n\n<p>Wir freuen uns, dich auf der Gr\u00fcndermesse Graz am 25.03. begr\u00fc\u00dfen zu d\u00fcrfen! <\/p>\n\n\n\n<p>Von 09:00 bis 17:00 Uhr findest du uns an unserem ersten Messestand im Messecongress. Lerne uns und unsere Idee pers\u00f6nlich kennen. Wir stehen dir gerne zur Verf\u00fcgung, um deine Fragen rund um unsere App-Entwicklung und unser Unternehmen zu beantworten.<\/p>\n\n\n\n<p>Die Gr\u00fcndermesse Graz bietet eine einzigartige Gelegenheit f\u00fcr Gr\u00fcnder und Startups, sich mit anderen Gleichgesinnten auszutauschen. Doch nicht nur f\u00fcr jungen Unternehmer:innen bietet die Messe die ideale Gelgenheit sich zu vernetzen, auch f\u00fcr Investor:innen und erfahrene Unternehmer:innen gibt es hier zahlreiche M\u00f6glichkeiten mit innovativen Ideen und kreativen K\u00f6pfen in Kontakt zu treten.<\/p>\n\n\n\n<p>Zus\u00e4tzlich erwartet dich an diesem Tag ein abwechslungsreiches Programm mit Vortr\u00e4gen, Wokshops und Podiumsdiskussionen. Als Keynotespeaker geladen sind Katharina Schneider, heuer zum Business Angel of the Year ausgezeichnet, und Philipp Maderthaner,\u00a0bekannt als Investor der erfolgreichen Puls4 Startup-Show \u201e2 Minuten 2 Millionen\u201c.<\/p>\n\n\n\n<p><a href=\"https:\/\/mcg.at\/events\/gruendermesse\/\" target=\"_blank\" rel=\"noreferrer noopener\">Hier erh\u00e4ltst du es alle Infos zur Gr\u00fcndermesse<\/a><\/p>\n\n\n\n<h2 class=\"wp-block-heading\">Besuche uns auch auf dem Grazer Eco Festival \u201cgeco\u201d vom 02. bis 04. Juni<\/h2>\n\n\n\n<p>Auch auf dem Grazer Eco Festival \u201cgeco\u201d vom 02. bis 04. Juni sind wir vertreten! Besuche uns rund um das Grazer City Center und nutze die Gelegenheit und pers\u00f6nlich zu treffen. Das Festival bietet eine gro\u00dfartige Gelegenheit, um sich \u00fcber \u00f6kologische Themen und Nachhaltigkeit zu informieren und auszutauschen. Wir sind stolz darauf, Teil dieser Veranstaltung zu sein und unsere Ideen mit anderen teilen zu k\u00f6nnen.<\/p>\n\n\n\n<p><a href=\"https:\/\/geco-festival.at\/\" target=\"_blank\" rel=\"noreferrer noopener\">Weitere Informationen zum Festival<\/a><\/p>\n\n\n\n<p><\/p>","protected":false},"excerpt":{"rendered":"<p>Wir freuen uns, dich auf der Gr\u00fcndermesse Graz am 25.03. begr\u00fc\u00dfen zu d\u00fcrfen!<br \/>\nVon 09:00 bis 17:00 Uhr findest du uns an unserem ersten Messestand im Messecongress. Lerne uns und unsere Idee pers\u00f6nlich kennen.<\/p>","protected":false},"author":5,"featured_media":2167,"comment_status":"open","ping_status":"open","sticky":true,"template":"","format":"standard","meta":{"footnotes":""},"categories":[12],"tags":[],"class_list":["post-2164","post","type-post","status-publish","format-standard","has-post-thumbnail","hentry","category-news"],"yoast_head":"<!-- This site is optimized with the Yoast SEO plugin v26.8 - https:\/\/yoast.com\/product\/yoast-seo-wordpress\/ -->\n<title>cyclebee auf der Gr\u00fcndermesse Graz - cyclebee<\/title>\n<meta name=\"description\" content=\"Wir freuen uns, dich auf der Gr\u00fcndermesse Graz am 25.03. begr\u00fc\u00dfen zu d\u00fcrfen! Lerne uns und unsere Idee pers\u00f6nlich kennen.\" \/>\n<meta name=\"robots\" content=\"index, follow, max-snippet:-1, max-image-preview:large, max-video-preview:-1\" \/>\n<link rel=\"canonical\" href=\"https:\/\/cyclebee.app\/en\/news\/gruendermesse-graz\/\" \/>\n<meta property=\"og:locale\" content=\"en_GB\" \/>\n<meta property=\"og:type\" content=\"article\" \/>\n<meta property=\"og:title\" content=\"cyclebee auf der Gr\u00fcndermesse Graz - cyclebee\" \/>\n<meta property=\"og:description\" content=\"Wir freuen uns, dich auf der Gr\u00fcndermesse Graz am 25.03. begr\u00fc\u00dfen zu d\u00fcrfen! Lerne uns und unsere Idee pers\u00f6nlich kennen.\" \/>\n<meta property=\"og:url\" content=\"https:\/\/cyclebee.app\/en\/news\/gruendermesse-graz\/\" \/>\n<meta property=\"og:site_name\" content=\"cyclebee\" \/>\n<meta property=\"article:published_time\" content=\"2023-03-20T09:52:28+00:00\" \/>\n<meta property=\"article:modified_time\" content=\"2023-03-20T10:21:39+00:00\" \/>\n<meta property=\"og:image\" content=\"https:\/\/cyclebee.app\/wp-content\/uploads\/2023\/03\/gruendermessegraz.png\" \/>\n\t<meta property=\"og:image:width\" content=\"1080\" \/>\n\t<meta property=\"og:image:height\" content=\"1080\" \/>\n\t<meta property=\"og:image:type\" content=\"image\/png\" \/>\n<meta name=\"author\" content=\"Katrin Lemke\" \/>\n<meta name=\"twitter:card\" content=\"summary_large_image\" \/>\n<meta name=\"twitter:label1\" content=\"Written by\" \/>\n\t<meta name=\"twitter:data1\" content=\"Katrin Lemke\" \/>\n\t<meta name=\"twitter:label2\" content=\"Estimated reading time\" \/>\n\t<meta name=\"twitter:data2\" content=\"2 minutes\" \/>\n<script type=\"application\/ld+json\" class=\"yoast-schema-graph\">{\"@context\":\"https:\/\/schema.org\",\"@graph\":[{\"@type\":\"Article\",\"@id\":\"https:\/\/cyclebee.app\/news\/gruendermesse-graz\/#article\",\"isPartOf\":{\"@id\":\"https:\/\/cyclebee.app\/news\/gruendermesse-graz\/\"},\"author\":{\"name\":\"Katrin Lemke\",\"@id\":\"https:\/\/cyclebee.app\/#\/schema\/person\/abb256c6cb366df498e59231c1bb67f2\"},\"headline\":\"cyclebee auf der Gr\u00fcndermesse Graz\",\"datePublished\":\"2023-03-20T09:52:28+00:00\",\"dateModified\":\"2023-03-20T10:21:39+00:00\",\"mainEntityOfPage\":{\"@id\":\"https:\/\/cyclebee.app\/news\/gruendermesse-graz\/\"},\"wordCount\":293,\"commentCount\":0,\"publisher\":{\"@id\":\"https:\/\/cyclebee.app\/#organization\"},\"image\":{\"@id\":\"https:\/\/cyclebee.app\/news\/gruendermesse-graz\/#primaryimage\"},\"thumbnailUrl\":\"https:\/\/cyclebee.app\/wp-content\/uploads\/2023\/03\/gruendermessegraz.png\",\"articleSection\":[\"News\"],\"inLanguage\":\"en-GB\",\"potentialAction\":[{\"@type\":\"CommentAction\",\"name\":\"Comment\",\"target\":[\"https:\/\/cyclebee.app\/news\/gruendermesse-graz\/#respond\"]}]},{\"@type\":\"WebPage\",\"@id\":\"https:\/\/cyclebee.app\/news\/gruendermesse-graz\/\",\"url\":\"https:\/\/cyclebee.app\/news\/gruendermesse-graz\/\",\"name\":\"cyclebee auf der Gr\u00fcndermesse Graz - cyclebee\",\"isPartOf\":{\"@id\":\"https:\/\/cyclebee.app\/#website\"},\"primaryImageOfPage\":{\"@id\":\"https:\/\/cyclebee.app\/news\/gruendermesse-graz\/#primaryimage\"},\"image\":{\"@id\":\"https:\/\/cyclebee.app\/news\/gruendermesse-graz\/#primaryimage\"},\"thumbnailUrl\":\"https:\/\/cyclebee.app\/wp-content\/uploads\/2023\/03\/gruendermessegraz.png\",\"datePublished\":\"2023-03-20T09:52:28+00:00\",\"dateModified\":\"2023-03-20T10:21:39+00:00\",\"description\":\"Wir freuen uns, dich auf der Gr\u00fcndermesse Graz am 25.03. begr\u00fc\u00dfen zu d\u00fcrfen! Lerne uns und unsere Idee pers\u00f6nlich kennen.\",\"breadcrumb\":{\"@id\":\"https:\/\/cyclebee.app\/news\/gruendermesse-graz\/#breadcrumb\"},\"inLanguage\":\"en-GB\",\"potentialAction\":[{\"@type\":\"ReadAction\",\"target\":[\"https:\/\/cyclebee.app\/news\/gruendermesse-graz\/\"]}]},{\"@type\":\"ImageObject\",\"inLanguage\":\"en-GB\",\"@id\":\"https:\/\/cyclebee.app\/news\/gruendermesse-graz\/#primaryimage\",\"url\":\"https:\/\/cyclebee.app\/wp-content\/uploads\/2023\/03\/gruendermessegraz.png\",\"contentUrl\":\"https:\/\/cyclebee.app\/wp-content\/uploads\/2023\/03\/gruendermessegraz.png\",\"width\":1080,\"height\":1080},{\"@type\":\"BreadcrumbList\",\"@id\":\"https:\/\/cyclebee.app\/news\/gruendermesse-graz\/#breadcrumb\",\"itemListElement\":[{\"@type\":\"ListItem\",\"position\":1,\"name\":\"Home\",\"item\":\"https:\/\/cyclebee.app\/\"},{\"@type\":\"ListItem\",\"position\":2,\"name\":\"cyclebee auf der Gr\u00fcndermesse Graz\"}]},{\"@type\":\"WebSite\",\"@id\":\"https:\/\/cyclebee.app\/#website\",\"url\":\"https:\/\/cyclebee.app\/\",\"name\":\"cyclebee - Radreise-App\",\"description\":\"gemeinsam einfach radreisen\",\"publisher\":{\"@id\":\"https:\/\/cyclebee.app\/#organization\"},\"potentialAction\":[{\"@type\":\"SearchAction\",\"target\":{\"@type\":\"EntryPoint\",\"urlTemplate\":\"https:\/\/cyclebee.app\/?s={search_term_string}\"},\"query-input\":{\"@type\":\"PropertyValueSpecification\",\"valueRequired\":true,\"valueName\":\"search_term_string\"}}],\"inLanguage\":\"en-GB\"},{\"@type\":\"Organization\",\"@id\":\"https:\/\/cyclebee.app\/#organization\",\"name\":\"cyclebee\",\"url\":\"https:\/\/cyclebee.app\/\",\"logo\":{\"@type\":\"ImageObject\",\"inLanguage\":\"en-GB\",\"@id\":\"https:\/\/cyclebee.app\/#\/schema\/logo\/image\/\",\"url\":\"https:\/\/cyclebee.app\/wp-content\/uploads\/2021\/04\/logoblack.png\",\"contentUrl\":\"https:\/\/cyclebee.app\/wp-content\/uploads\/2021\/04\/logoblack.png\",\"width\":505,\"height\":128,\"caption\":\"cyclebee\"},\"image\":{\"@id\":\"https:\/\/cyclebee.app\/#\/schema\/logo\/image\/\"}},{\"@type\":\"Person\",\"@id\":\"https:\/\/cyclebee.app\/#\/schema\/person\/abb256c6cb366df498e59231c1bb67f2\",\"name\":\"Katrin Lemke\",\"image\":{\"@type\":\"ImageObject\",\"inLanguage\":\"en-GB\",\"@id\":\"https:\/\/cyclebee.app\/#\/schema\/person\/image\/\",\"url\":\"https:\/\/secure.gravatar.com\/avatar\/7d3ccc1e12a8f0382e96fee2764fee814638c7ed15490fb952d366612f45f3c1?s=96&d=mm&r=g\",\"contentUrl\":\"https:\/\/secure.gravatar.com\/avatar\/7d3ccc1e12a8f0382e96fee2764fee814638c7ed15490fb952d366612f45f3c1?s=96&d=mm&r=g\",\"caption\":\"Katrin Lemke\"}}]}<\/script>\n<!-- \/ Yoast SEO plugin. -->","yoast_head_json":{"title":"cyclebee auf der Gr\u00fcndermesse Graz - cyclebee","description":"Wir freuen uns, dich auf der Gr\u00fcndermesse Graz am 25.03. begr\u00fc\u00dfen zu d\u00fcrfen! Lerne uns und unsere Idee pers\u00f6nlich kennen.","robots":{"index":"index","follow":"follow","max-snippet":"max-snippet:-1","max-image-preview":"max-image-preview:large","max-video-preview":"max-video-preview:-1"},"canonical":"https:\/\/cyclebee.app\/en\/news\/gruendermesse-graz\/","og_locale":"en_GB","og_type":"article","og_title":"cyclebee auf der Gr\u00fcndermesse Graz - cyclebee","og_description":"Wir freuen uns, dich auf der Gr\u00fcndermesse Graz am 25.03. begr\u00fc\u00dfen zu d\u00fcrfen! Lerne uns und unsere Idee pers\u00f6nlich kennen.","og_url":"https:\/\/cyclebee.app\/en\/news\/gruendermesse-graz\/","og_site_name":"cyclebee","article_published_time":"2023-03-20T09:52:28+00:00","article_modified_time":"2023-03-20T10:21:39+00:00","og_image":[{"width":1080,"height":1080,"url":"https:\/\/cyclebee.app\/wp-content\/uploads\/2023\/03\/gruendermessegraz.png","type":"image\/png"}],"author":"Katrin Lemke","twitter_card":"summary_large_image","twitter_misc":{"Written by":"Katrin Lemke","Estimated reading time":"2 minutes"},"schema":{"@context":"https:\/\/schema.org","@graph":[{"@type":"Article","@id":"https:\/\/cyclebee.app\/news\/gruendermesse-graz\/#article","isPartOf":{"@id":"https:\/\/cyclebee.app\/news\/gruendermesse-graz\/"},"author":{"name":"Katrin Lemke","@id":"https:\/\/cyclebee.app\/#\/schema\/person\/abb256c6cb366df498e59231c1bb67f2"},"headline":"cyclebee auf der Gr\u00fcndermesse Graz","datePublished":"2023-03-20T09:52:28+00:00","dateModified":"2023-03-20T10:21:39+00:00","mainEntityOfPage":{"@id":"https:\/\/cyclebee.app\/news\/gruendermesse-graz\/"},"wordCount":293,"commentCount":0,"publisher":{"@id":"https:\/\/cyclebee.app\/#organization"},"image":{"@id":"https:\/\/cyclebee.app\/news\/gruendermesse-graz\/#primaryimage"},"thumbnailUrl":"https:\/\/cyclebee.app\/wp-content\/uploads\/2023\/03\/gruendermessegraz.png","articleSection":["News"],"inLanguage":"en-GB","potentialAction":[{"@type":"CommentAction","name":"Comment","target":["https:\/\/cyclebee.app\/news\/gruendermesse-graz\/#respond"]}]},{"@type":"WebPage","@id":"https:\/\/cyclebee.app\/news\/gruendermesse-graz\/","url":"https:\/\/cyclebee.app\/news\/gruendermesse-graz\/","name":"cyclebee auf der Gr\u00fcndermesse Graz - cyclebee","isPartOf":{"@id":"https:\/\/cyclebee.app\/#website"},"primaryImageOfPage":{"@id":"https:\/\/cyclebee.app\/news\/gruendermesse-graz\/#primaryimage"},"image":{"@id":"https:\/\/cyclebee.app\/news\/gruendermesse-graz\/#primaryimage"},"thumbnailUrl":"https:\/\/cyclebee.app\/wp-content\/uploads\/2023\/03\/gruendermessegraz.png","datePublished":"2023-03-20T09:52:28+00:00","dateModified":"2023-03-20T10:21:39+00:00","description":"Wir freuen uns, dich auf der Gr\u00fcndermesse Graz am 25.03. begr\u00fc\u00dfen zu d\u00fcrfen! Lerne uns und unsere Idee pers\u00f6nlich kennen.","breadcrumb":{"@id":"https:\/\/cyclebee.app\/news\/gruendermesse-graz\/#breadcrumb"},"inLanguage":"en-GB","potentialAction":[{"@type":"ReadAction","target":["https:\/\/cyclebee.app\/news\/gruendermesse-graz\/"]}]},{"@type":"ImageObject","inLanguage":"en-GB","@id":"https:\/\/cyclebee.app\/news\/gruendermesse-graz\/#primaryimage","url":"https:\/\/cyclebee.app\/wp-content\/uploads\/2023\/03\/gruendermessegraz.png","contentUrl":"https:\/\/cyclebee.app\/wp-content\/uploads\/2023\/03\/gruendermessegraz.png","width":1080,"height":1080},{"@type":"BreadcrumbList","@id":"https:\/\/cyclebee.app\/news\/gruendermesse-graz\/#breadcrumb","itemListElement":[{"@type":"ListItem","position":1,"name":"Home","item":"https:\/\/cyclebee.app\/"},{"@type":"ListItem","position":2,"name":"cyclebee auf der Gr\u00fcndermesse Graz"}]},{"@type":"WebSite","@id":"https:\/\/cyclebee.app\/#website","url":"https:\/\/cyclebee.app\/","name":"cyclebee - Radreise-App","description":"gemeinsam einfach radreisen","publisher":{"@id":"https:\/\/cyclebee.app\/#organization"},"potentialAction":[{"@type":"SearchAction","target":{"@type":"EntryPoint","urlTemplate":"https:\/\/cyclebee.app\/?s={search_term_string}"},"query-input":{"@type":"PropertyValueSpecification","valueRequired":true,"valueName":"search_term_string"}}],"inLanguage":"en-GB"},{"@type":"Organization","@id":"https:\/\/cyclebee.app\/#organization","name":"cyclebee","url":"https:\/\/cyclebee.app\/","logo":{"@type":"ImageObject","inLanguage":"en-GB","@id":"https:\/\/cyclebee.app\/#\/schema\/logo\/image\/","url":"https:\/\/cyclebee.app\/wp-content\/uploads\/2021\/04\/logoblack.png","contentUrl":"https:\/\/cyclebee.app\/wp-content\/uploads\/2021\/04\/logoblack.png","width":505,"height":128,"caption":"cyclebee"},"image":{"@id":"https:\/\/cyclebee.app\/#\/schema\/logo\/image\/"}},{"@type":"Person","@id":"https:\/\/cyclebee.app\/#\/schema\/person\/abb256c6cb366df498e59231c1bb67f2","name":"Katrin Lemke","image":{"@type":"ImageObject","inLanguage":"en-GB","@id":"https:\/\/cyclebee.app\/#\/schema\/person\/image\/","url":"https:\/\/secure.gravatar.com\/avatar\/7d3ccc1e12a8f0382e96fee2764fee814638c7ed15490fb952d366612f45f3c1?s=96&d=mm&r=g","contentUrl":"https:\/\/secure.gravatar.com\/avatar\/7d3ccc1e12a8f0382e96fee2764fee814638c7ed15490fb952d366612f45f3c1?s=96&d=mm&r=g","caption":"Katrin Lemke"}}]}},"_links":{"self":[{"href":"https:\/\/cyclebee.app\/en\/wp-json\/wp\/v2\/posts\/2164","targetHints":{"allow":["GET"]}}],"collection":[{"href":"https:\/\/cyclebee.app\/en\/wp-json\/wp\/v2\/posts"}],"about":[{"href":"https:\/\/cyclebee.app\/en\/wp-json\/wp\/v2\/types\/post"}],"author":[{"embeddable":true,"href":"https:\/\/cyclebee.app\/en\/wp-json\/wp\/v2\/users\/5"}],"replies":[{"embeddable":true,"href":"https:\/\/cyclebee.app\/en\/wp-json\/wp\/v2\/comments?post=2164"}],"version-history":[{"count":1,"href":"https:\/\/cyclebee.app\/en\/wp-json\/wp\/v2\/posts\/2164\/revisions"}],"predecessor-version":[{"id":2168,"href":"https:\/\/cyclebee.app\/en\/wp-json\/wp\/v2\/posts\/2164\/revisions\/2168"}],"wp:featuredmedia":[{"embeddable":true,"href":"https:\/\/cyclebee.app\/en\/wp-json\/wp\/v2\/media\/2167"}],"wp:attachment":[{"href":"https:\/\/cyclebee.app\/en\/wp-json\/wp\/v2\/media?parent=2164"}],"wp:term":[{"taxonomy":"category","embeddable":true,"href":"https:\/\/cyclebee.app\/en\/wp-json\/wp\/v2\/categories?post=2164"},{"taxonomy":"post_tag","embeddable":true,"href":"https:\/\/cyclebee.app\/en\/wp-json\/wp\/v2\/tags?post=2164"}],"curies":[{"name":"wp","href":"https:\/\/api.w.org\/{rel}","templated":true}]}}